{"id":805,"date":"2016-05-14T15:36:04","date_gmt":"2016-05-14T13:36:04","guid":{"rendered":"http:\/\/www.helferkreisasyl-uhg.de\/?p=805"},"modified":"2016-05-14T15:38:40","modified_gmt":"2016-05-14T13:38:40","slug":"2-fest-der-begegnung-in-unterhaching","status":"publish","type":"post","link":"http:\/\/www.helferkreisasyl-uhg.de\/?p=805","title":{"rendered":"2. Fest der Begegnung in Unterhaching"},"content":{"rendered":"<p><strong>Br\u00fccken der Verst\u00e4ndigung<\/strong><\/p>\n<p>Es war ein Fest des Kennenlernens, der Toleranz und der ausgelassenen Stimmung: 300 Unterhachinger B\u00fcrger und Asylbewerber feierten in der Hachinga-Halle gemeinsam das 2. Fest der Begegnung. Mit dabei waren auch Landrat Christoph G\u00f6bel und der 2. B\u00fcrgermeister Prof. Alfons Hofstetter.<\/p>\n<p>Ob bei der Musik, beim Essen oder bei einem pers\u00f6nlichen Gespr\u00e4ch &#8211; an diesem Tag wurden viele Br\u00fccken zwischen den Nationen und den Kulturen geschlagen. So wurde zu den Kl\u00e4ngen der Alto-Musi ebenso getanzt wie bei den hei\u00dfen Rhythmen der Trommel-Session der Musikschule. \u201eViele Unterhachinger sind heute mit den Asylbewerbern ins Gespr\u00e4ch gekommen\u201c, freute sich Franziska Kindsm\u00fcller, Leiterin des Asylhelferkreises.<\/p>\n<p><img loading=\"lazy\" decoding=\"async\" class=\"size-full wp-image-807 alignnone\" src=\"http:\/\/www.helferkreisasyl-uhg.de\/wp-content\/uploads\/2016\/05\/FdB2.jpg\" alt=\"\" width=\"816\" height=\"612\" srcset=\"http:\/\/www.helferkreisasyl-uhg.de\/wp-content\/uploads\/2016\/05\/FdB2.jpg 816w, http:\/\/www.helferkreisasyl-uhg.de\/wp-content\/uploads\/2016\/05\/FdB2-300x225.jpg 300w, http:\/\/www.helferkreisasyl-uhg.de\/wp-content\/uploads\/2016\/05\/FdB2-768x576.jpg 768w, http:\/\/www.helferkreisasyl-uhg.de\/wp-content\/uploads\/2016\/05\/FdB2-600x450.jpg 600w\" sizes=\"auto, (max-width: 816px) 100vw, 816px\" \/><\/p>\n<p>Mitglieder des Treffpunkt e.V. der Lokalen Agenda 21, des Asylhelferkreises und der Arbeiterwohlfahrt hatten unter der Leitung von Klaus Schulze-Neuhoff ein buntes Programm zusammengestellt und mit der Deko f\u00fcr internationalen Flair in der Hachinga-Halle gesorgt.<\/p>\n<p>Zauberer Tevest pr\u00e4sentierte an einem schattigen Pl\u00e4tzchen vor der Halle seine Zaubertricks. Der Riesenkicker sorgte bei den Kindern f\u00fcr genauso viel Begeisterung wie das Schminken der JKW. Mit enormer Hilfe der Bev\u00f6lkerung und der Asylbewerber stellte Susanne Herrmann ein k\u00f6stliches Buffet mit heimischen und internationalen Speisen zusammen.<\/p>\n<p>Den engagierten Einsatz der vielen ehrenamtlichen Asylhelfer in Unterhaching hob Landrat Christoph G\u00f6bel in seinem Gru\u00dfwort hervor. Das Fest der Begegnung bezeichnete G\u00f6bel als \u201eein wunderbares Fest mit den Menschen, die zu uns gekommen sind\u201c.<\/p>\n<p>Vize-B\u00fcrgermeister Prof. Alfons Hofstetter dr\u00fcckte die Hoffnung aus, dass mit dem Kennenlernen die Toleranz und das Verst\u00e4ndnis f\u00fcr die Probleme der Asylbewerber vertieft werden, und vielleicht echte Freundschaften geschlossen werden. Zufrieden zeigte sich auch der Leiter des Festkomitees, Klaus Schulze-Neuhoff: &#8222;Das Fest ermutigt zum Weitermachen&#8220;, res\u00fcmierte der Sprecher der Lokalen Agenda 21 am Ende der Veranstaltung.<\/p>\n","protected":false},"excerpt":{"rendered":"<p>Br\u00fccken der Verst\u00e4ndigung Es war ein Fest des Kennenlernens, der Toleranz und der ausgelassenen Stimmung: 300 Unterhachinger B\u00fcrger und Asylbewerber feierten in der Hachinga-Halle gemeinsam das 2. Fest der Begegnung. Mit dabei waren auch Landrat Christoph G\u00f6bel und der 2. B\u00fcrgermeister Prof. Alfons Hofstetter. Ob bei der Musik, beim Essen oder bei einem pers\u00f6nlichen Gespr\u00e4ch [&hellip;]<\/p>\n","protected":false},"author":2,"featured_media":0,"comment_status":"closed","ping_status":"closed","sticky":false,"template":"","format":"standard","meta":{"footnotes":""},"categories":[9],"tags":[],"class_list":["post-805","post","type-post","status-publish","format-standard","hentry","category-berichte"],"_links":{"self":[{"href":"http:\/\/www.helferkreisasyl-uhg.de\/index.php?rest_route=\/wp\/v2\/posts\/805","targetHints":{"allow":["GET"]}}],"collection":[{"href":"http:\/\/www.helferkreisasyl-uhg.de\/index.php?rest_route=\/wp\/v2\/posts"}],"about":[{"href":"http:\/\/www.helferkreisasyl-uhg.de\/index.php?rest_route=\/wp\/v2\/types\/post"}],"author":[{"embeddable":true,"href":"http:\/\/www.helferkreisasyl-uhg.de\/index.php?rest_route=\/wp\/v2\/users\/2"}],"replies":[{"embeddable":true,"href":"http:\/\/www.helferkreisasyl-uhg.de\/index.php?rest_route=%2Fwp%2Fv2%2Fcomments&post=805"}],"version-history":[{"count":4,"href":"http:\/\/www.helferkreisasyl-uhg.de\/index.php?rest_route=\/wp\/v2\/posts\/805\/revisions"}],"predecessor-version":[{"id":810,"href":"http:\/\/www.helferkreisasyl-uhg.de\/index.php?rest_route=\/wp\/v2\/posts\/805\/revisions\/810"}],"wp:attachment":[{"href":"http:\/\/www.helferkreisasyl-uhg.de\/index.php?rest_route=%2Fwp%2Fv2%2Fmedia&parent=805"}],"wp:term":[{"taxonomy":"category","embeddable":true,"href":"http:\/\/www.helferkreisasyl-uhg.de\/index.php?rest_route=%2Fwp%2Fv2%2Fcategories&post=805"},{"taxonomy":"post_tag","embeddable":true,"href":"http:\/\/www.helferkreisasyl-uhg.de\/index.php?rest_route=%2Fwp%2Fv2%2Ftags&post=805"}],"curies":[{"name":"wp","href":"https:\/\/api.w.org\/{rel}","templated":true}]}}